{"id":617,"date":"2018-01-13T00:43:28","date_gmt":"2018-01-12T22:43:28","guid":{"rendered":"http:\/\/pierrejanin.com\/fr_FR\/?p=617"},"modified":"2018-01-13T00:43:28","modified_gmt":"2018-01-12T22:43:28","slug":"shooting-de-lea-r","status":"publish","type":"post","link":"https:\/\/pierrejanin.com\/fr_FR\/shooting-de-lea-r\/","title":{"rendered":"Shooting de L\u00e9a R."},"content":{"rendered":"<div id=\"attachment_620\" style=\"width: 210px\" class=\"wp-caption alignright\"><a href=\"http:\/\/pierrejanin.com\/portrait\/Lea-R-170922\/\"><img aria-describedby=\"caption-attachment-620\" loading=\"lazy\" class=\"size-medium wp-image-620\" src=\"http:\/\/pierrejanin.com\/wp-content\/uploads\/2018\/01\/2017-09-22-182850-200x300.jpg\" alt=\"fille en robe noir\" width=\"200\" height=\"300\" srcset=\"https:\/\/pierrejanin.com\/wp-content\/uploads\/2018\/01\/2017-09-22-182850-200x300.jpg 200w, https:\/\/pierrejanin.com\/wp-content\/uploads\/2018\/01\/2017-09-22-182850-100x150.jpg 100w, https:\/\/pierrejanin.com\/wp-content\/uploads\/2018\/01\/2017-09-22-182850-768x1152.jpg 768w, https:\/\/pierrejanin.com\/wp-content\/uploads\/2018\/01\/2017-09-22-182850-683x1024.jpg 683w\" sizes=\"(max-width: 200px) 100vw, 200px\" \/><\/a><p id=\"caption-attachment-620\" class=\"wp-caption-text\">Car les robes noir c&rsquo;est classe!<\/p><\/div>\n<h2>Les photos du shooting du 22.09.2017 sont (enfin) en ligne!<\/h2>\n<p>Merci \u00e0 L\u00e9a pour sa patience.<\/p>\n<p>En cliquant sur la photo vous pourrez acc\u00e9der \u00e0 la galerie des photos que j&rsquo;ai faites.<\/p>\n<p>N\u2019h\u00e9sitez pas \u00e0 laisser un commentaire et liker ma <a href=\"https:\/\/www.facebook.com\/pierrejaninphotographie\/\" target=\"_blank\" rel=\"noopener\">page<\/a>!<\/p>\n","protected":false},"excerpt":{"rendered":"<p>[caption id=\"attachment_620\" align=\"alignright\" width=\"200\"]<a href=\"http:\/\/pierrejanin.com\/portrait\/Lea-R-170922\/\"><img loading=\"lazy\" width=\"200\" height=\"300\" class=\"size-medium wp-image-620\" src=\"http:\/\/pierrejanin.com\/wp-content\/uploads\/2018\/01\/2017-09-22-182850-200x300.jpg\" alt=\"fille...\n<\/p srcset=\"https:\/\/pierrejanin.com\/wp-content\/uploads\/2018\/01\/2017-09-22-182850-200x300.jpg 200w, https:\/\/pierrejanin.com\/wp-content\/uploads\/2018\/01\/2017-09-22-182850-100x150.jpg 100w, https:\/\/pierrejanin.com\/wp-content\/uploads\/2018\/01\/2017-09-22-182850-768x1152.jpg 768w, https:\/\/pierrejanin.com\/wp-content\/uploads\/2018\/01\/2017-09-22-182850-683x1024.jpg 683w\" sizes=\"(max-width: 200px) 100vw, 200px\" \/>\n","protected":false},"author":1,"featured_media":620,"comment_status":"open","ping_status":"closed","sticky":false,"template":"","format":"image","meta":{"jetpack_publicize_message":"Les photos du shooting de L\u00e9a R. sont en ligne!\r\nN\u2019h\u00e9sitez pas \u00e0 me contacter si vous \u00eates int\u00e9ress\u00e9 \u00e0 faire \u00e9galement un shooting!","jetpack_is_tweetstorm":false,"jetpack_publicize_feature_enabled":true},"categories":[52],"tags":[53,35,54],"jetpack_publicize_connections":[],"yoast_head":"<!-- This site is optimized with the Yoast SEO plugin v19.7.1 - https:\/\/yoast.com\/wordpress\/plugins\/seo\/ -->\n<title>Shooting de L\u00e9a R. - Pierre Janin Photographie<\/title>\n<meta name=\"description\" content=\"Mise en ligne des photos du shooting de L\u00e9a R.\" \/>\n<meta name=\"robots\" content=\"index, follow, max-snippet:-1, max-image-preview:large, max-video-preview:-1\" \/>\n<link rel=\"canonical\" href=\"https:\/\/pierrejanin.com\/fr_FR\/shooting-de-lea-r\/\" \/>\n<meta property=\"og:locale\" content=\"fr_FR\" \/>\n<meta property=\"og:type\" content=\"article\" \/>\n<meta property=\"og:title\" content=\"Shooting de L\u00e9a R. - Pierre Janin Photographie\" \/>\n<meta property=\"og:description\" content=\"Mise en ligne des photos du shooting de L\u00e9a R.\" \/>\n<meta property=\"og:url\" content=\"https:\/\/pierrejanin.com\/fr_FR\/shooting-de-lea-r\/\" \/>\n<meta property=\"og:site_name\" content=\"Pierre Janin Photographie\" \/>\n<meta property=\"article:published_time\" content=\"2018-01-12T22:43:28+00:00\" \/>\n<meta property=\"og:image\" content=\"https:\/\/pierrejanin.com\/wp-content\/uploads\/2018\/01\/2017-09-22-182850.jpg\" \/>\n\t<meta property=\"og:image:width\" content=\"3200\" \/>\n\t<meta property=\"og:image:height\" content=\"4800\" \/>\n\t<meta property=\"og:image:type\" content=\"image\/jpeg\" \/>\n<meta name=\"author\" content=\"Pierre Janin\" \/>\n<meta name=\"twitter:card\" content=\"summary\" \/>\n<meta name=\"twitter:label1\" content=\"\u00c9crit par\" \/>\n\t<meta name=\"twitter:data1\" content=\"Pierre Janin\" \/>\n<script type=\"application\/ld+json\" class=\"yoast-schema-graph\">{\"@context\":\"https:\/\/schema.org\",\"@graph\":[{\"@type\":\"WebPage\",\"@id\":\"https:\/\/pierrejanin.com\/fr_FR\/shooting-de-lea-r\/\",\"url\":\"https:\/\/pierrejanin.com\/fr_FR\/shooting-de-lea-r\/\",\"name\":\"Shooting de L\u00e9a R. - Pierre Janin Photographie\",\"isPartOf\":{\"@id\":\"https:\/\/pierrejanin.com\/fr_FR\/#website\"},\"datePublished\":\"2018-01-12T22:43:28+00:00\",\"dateModified\":\"2018-01-12T22:43:28+00:00\",\"author\":{\"@id\":\"https:\/\/pierrejanin.com\/fr_FR\/#\/schema\/person\/f7992f807e3f38581053ce706c6824f4\"},\"description\":\"Mise en ligne des photos du shooting de L\u00e9a R.\",\"breadcrumb\":{\"@id\":\"https:\/\/pierrejanin.com\/fr_FR\/shooting-de-lea-r\/#breadcrumb\"},\"inLanguage\":\"fr-FR\",\"potentialAction\":[{\"@type\":\"ReadAction\",\"target\":[\"https:\/\/pierrejanin.com\/fr_FR\/shooting-de-lea-r\/\"]}]},{\"@type\":\"BreadcrumbList\",\"@id\":\"https:\/\/pierrejanin.com\/fr_FR\/shooting-de-lea-r\/#breadcrumb\",\"itemListElement\":[{\"@type\":\"ListItem\",\"position\":1,\"name\":\"Accueil\",\"item\":\"https:\/\/pierrejanin.com\/fr_FR\/\"},{\"@type\":\"ListItem\",\"position\":2,\"name\":\"Shooting de L\u00e9a R.\"}]},{\"@type\":\"WebSite\",\"@id\":\"https:\/\/pierrejanin.com\/fr_FR\/#website\",\"url\":\"https:\/\/pierrejanin.com\/fr_FR\/\",\"name\":\"Pierre Janin Photographie\",\"description\":\"Intercepteur d&#039;\u00e9motions\",\"potentialAction\":[{\"@type\":\"SearchAction\",\"target\":{\"@type\":\"EntryPoint\",\"urlTemplate\":\"https:\/\/pierrejanin.com\/fr_FR\/?s={search_term_string}\"},\"query-input\":\"required name=search_term_string\"}],\"inLanguage\":\"fr-FR\"},{\"@type\":\"Person\",\"@id\":\"https:\/\/pierrejanin.com\/fr_FR\/#\/schema\/person\/f7992f807e3f38581053ce706c6824f4\",\"name\":\"Pierre Janin\",\"image\":{\"@type\":\"ImageObject\",\"inLanguage\":\"fr-FR\",\"@id\":\"https:\/\/pierrejanin.com\/fr_FR\/#\/schema\/person\/image\/\",\"url\":\"https:\/\/secure.gravatar.com\/avatar\/2e0b850336c9902b2e7bf0488a9d9ad6?s=96&d=mm&r=g\",\"contentUrl\":\"https:\/\/secure.gravatar.com\/avatar\/2e0b850336c9902b2e7bf0488a9d9ad6?s=96&d=mm&r=g\",\"caption\":\"Pierre Janin\"},\"sameAs\":[\"http:\/\/pierrejanin.com\"],\"url\":\"https:\/\/pierrejanin.com\/fr_FR\/author\/tatooine_1vkd8x7o\/\"}]}<\/script>\n<!-- \/ Yoast SEO plugin. -->","yoast_head_json":{"title":"Shooting de L\u00e9a R. - Pierre Janin Photographie","description":"Mise en ligne des photos du shooting de L\u00e9a R.","robots":{"index":"index","follow":"follow","max-snippet":"max-snippet:-1","max-image-preview":"max-image-preview:large","max-video-preview":"max-video-preview:-1"},"canonical":"https:\/\/pierrejanin.com\/fr_FR\/shooting-de-lea-r\/","og_locale":"fr_FR","og_type":"article","og_title":"Shooting de L\u00e9a R. - Pierre Janin Photographie","og_description":"Mise en ligne des photos du shooting de L\u00e9a R.","og_url":"https:\/\/pierrejanin.com\/fr_FR\/shooting-de-lea-r\/","og_site_name":"Pierre Janin Photographie","article_published_time":"2018-01-12T22:43:28+00:00","og_image":[{"width":3200,"height":4800,"url":"https:\/\/pierrejanin.com\/wp-content\/uploads\/2018\/01\/2017-09-22-182850.jpg","type":"image\/jpeg"}],"author":"Pierre Janin","twitter_card":"summary","twitter_misc":{"\u00c9crit par":"Pierre Janin"},"schema":{"@context":"https:\/\/schema.org","@graph":[{"@type":"WebPage","@id":"https:\/\/pierrejanin.com\/fr_FR\/shooting-de-lea-r\/","url":"https:\/\/pierrejanin.com\/fr_FR\/shooting-de-lea-r\/","name":"Shooting de L\u00e9a R. - Pierre Janin Photographie","isPartOf":{"@id":"https:\/\/pierrejanin.com\/fr_FR\/#website"},"datePublished":"2018-01-12T22:43:28+00:00","dateModified":"2018-01-12T22:43:28+00:00","author":{"@id":"https:\/\/pierrejanin.com\/fr_FR\/#\/schema\/person\/f7992f807e3f38581053ce706c6824f4"},"description":"Mise en ligne des photos du shooting de L\u00e9a R.","breadcrumb":{"@id":"https:\/\/pierrejanin.com\/fr_FR\/shooting-de-lea-r\/#breadcrumb"},"inLanguage":"fr-FR","potentialAction":[{"@type":"ReadAction","target":["https:\/\/pierrejanin.com\/fr_FR\/shooting-de-lea-r\/"]}]},{"@type":"BreadcrumbList","@id":"https:\/\/pierrejanin.com\/fr_FR\/shooting-de-lea-r\/#breadcrumb","itemListElement":[{"@type":"ListItem","position":1,"name":"Accueil","item":"https:\/\/pierrejanin.com\/fr_FR\/"},{"@type":"ListItem","position":2,"name":"Shooting de L\u00e9a R."}]},{"@type":"WebSite","@id":"https:\/\/pierrejanin.com\/fr_FR\/#website","url":"https:\/\/pierrejanin.com\/fr_FR\/","name":"Pierre Janin Photographie","description":"Intercepteur d&#039;\u00e9motions","potentialAction":[{"@type":"SearchAction","target":{"@type":"EntryPoint","urlTemplate":"https:\/\/pierrejanin.com\/fr_FR\/?s={search_term_string}"},"query-input":"required name=search_term_string"}],"inLanguage":"fr-FR"},{"@type":"Person","@id":"https:\/\/pierrejanin.com\/fr_FR\/#\/schema\/person\/f7992f807e3f38581053ce706c6824f4","name":"Pierre Janin","image":{"@type":"ImageObject","inLanguage":"fr-FR","@id":"https:\/\/pierrejanin.com\/fr_FR\/#\/schema\/person\/image\/","url":"https:\/\/secure.gravatar.com\/avatar\/2e0b850336c9902b2e7bf0488a9d9ad6?s=96&d=mm&r=g","contentUrl":"https:\/\/secure.gravatar.com\/avatar\/2e0b850336c9902b2e7bf0488a9d9ad6?s=96&d=mm&r=g","caption":"Pierre Janin"},"sameAs":["http:\/\/pierrejanin.com"],"url":"https:\/\/pierrejanin.com\/fr_FR\/author\/tatooine_1vkd8x7o\/"}]}},"jetpack_featured_media_url":"https:\/\/pierrejanin.com\/wp-content\/uploads\/2018\/01\/2017-09-22-182850.jpg","jetpack_sharing_enabled":true,"jetpack_shortlink":"https:\/\/wp.me\/pbYcbi-9X","_links":{"self":[{"href":"https:\/\/pierrejanin.com\/fr_FR\/wp-json\/wp\/v2\/posts\/617"}],"collection":[{"href":"https:\/\/pierrejanin.com\/fr_FR\/wp-json\/wp\/v2\/posts"}],"about":[{"href":"https:\/\/pierrejanin.com\/fr_FR\/wp-json\/wp\/v2\/types\/post"}],"author":[{"embeddable":true,"href":"https:\/\/pierrejanin.com\/fr_FR\/wp-json\/wp\/v2\/users\/1"}],"replies":[{"embeddable":true,"href":"https:\/\/pierrejanin.com\/fr_FR\/wp-json\/wp\/v2\/comments?post=617"}],"version-history":[{"count":21,"href":"https:\/\/pierrejanin.com\/fr_FR\/wp-json\/wp\/v2\/posts\/617\/revisions"}],"predecessor-version":[{"id":640,"href":"https:\/\/pierrejanin.com\/fr_FR\/wp-json\/wp\/v2\/posts\/617\/revisions\/640"}],"wp:featuredmedia":[{"embeddable":true,"href":"https:\/\/pierrejanin.com\/fr_FR\/wp-json\/wp\/v2\/media\/620"}],"wp:attachment":[{"href":"https:\/\/pierrejanin.com\/fr_FR\/wp-json\/wp\/v2\/media?parent=617"}],"wp:term":[{"taxonomy":"category","embeddable":true,"href":"https:\/\/pierrejanin.com\/fr_FR\/wp-json\/wp\/v2\/categories?post=617"},{"taxonomy":"post_tag","embeddable":true,"href":"https:\/\/pierrejanin.com\/fr_FR\/wp-json\/wp\/v2\/tags?post=617"}],"curies":[{"name":"wp","href":"https:\/\/api.w.org\/{rel}","templated":true}]}}